{"id":12,"date":"2007-06-23T00:38:01","date_gmt":"2007-06-22T22:38:01","guid":{"rendered":"http:\/\/gaeliris.fr\/wordpressfr\/?p=12"},"modified":"2007-08-05T23:06:04","modified_gmt":"2007-08-05T21:06:04","slug":"mariage-a-merida","status":"publish","type":"post","link":"https:\/\/gaeliris.fr\/wordpressfr\/mariage-a-merida\/","title":{"rendered":"Mariage \u00e0 Merida"},"content":{"rendered":"<p>ngg_shortcode_0_placeholder Voici LA grosse journ\u00e9e&nbsp;!<br \/>\nD\u2019abord, tout ranger et nettoyer dans l\u2019appartement de S\u00e9ville et prendre un taxi pour l\u2019a\u00e9roport. Ne PAS y prendre l\u2019avion, mais louer une voiture. <!--more--> Nous avions r\u00e9serv\u00e9 chez <a href=\"http:\/\/www.pepecar.com\/\">Pepecar<\/a>, qui \u00e9tait largement le moins cher. Bon, en contrepartie ils n\u2019ont pas de bureau dans l\u2019a\u00e9roport mais juste un gugusse avec une pancarte Pepecar, et un autre qui nous emm\u00e8ne en minibus. La voiture n&#8217;est pas tr\u00e8s propre, n\u2019a plus d\u2019enjoliveurs, et son clignotant reste parfois coinc\u00e9.<\/p>\n<p>ngg_shortcode_1_placeholder <img decoding=\"async\" class=\"ngg-singlepic\" src=\"wp-content\/gallery\/Colt.jpg\" alt=\"Colt\" \/>  <\/p>\n<p>Peu nous chaut, et nous filons vers Merida. Nos essais avec la clim ne donnent pas grand-chose, et nous finissons par la couper et ouvrir les fen\u00eatres. (Nous comprendrons plus tard qu\u2019il faut ouvrir les ou\u00efes d\u2019a\u00e9ration pour que l\u2019air froid parvienne jusqu\u2019\u00e0 nous&#8230;)<\/p>\n<p>Apr\u00e8s deux heures de route o\u00f9 Iris n\u2019a pas manqu\u00e9 de s\u2019endormir, nous arrivons \u00e0 notre g\u00eete, et nous y retrouvons Florence (s\u0153ur du mari\u00e9) et Olivier, et leurs deux filles. Un repas pris rapidement, et vite une sieste. Sauf que Ga\u00ebl refuse toujours obstin\u00e9ment de s\u2019endormir, et Iris \u00e9galement puisqu\u2019elle a d\u00e9j\u00e0 dormi dans la voiture&nbsp;!<\/p>\n<p>Bon, tant pis, on habille tout le monde et on part pour la chapelle \u00e0 19h, la c\u00e9r\u00e9monie \u00e9tant \u00e0 20h. (On vous a d\u00e9j\u00e0 parl\u00e9 des horaires espagnols, non&nbsp;?) Apr\u00e8s une messe en espagnol (parsem\u00e9 de quelques passages en fran\u00e7ais&nbsp;: on a pens\u00e9 \u00e0 nous&nbsp;!) o\u00f9 les \u00e9ventails ont fonctionn\u00e9 \u00e0 plein r\u00e9gime, nous reprenons la voiture pour un h\u00f4tel-restaurant 5*&nbsp;: le somptueux <a href=\"http:\/\/fr.solmelia.com\/solNew\/hoteles\/jsp\/C_Hotel_Description.jsp?codigoHotel=0605\">Melia Merida<\/a>.<\/p>\n<p>ngg_shortcode_2_placeholder ngg_shortcode_3_placeholder   <\/p>\n<p>Le vin d\u2019honneur est donn\u00e9 dans le hall, avec tapas et boissons \u00e0 volont\u00e9. Les gamins, qui \u00e0 part les enfants des mari\u00e9s sont tous fran\u00e7ais, en profitent pour s\u2019organiser des parties de cache-cache, ou de chats tr\u00e8s \u00e9volu\u00e9s.<\/p>\n<p>\u00c0 table, les plats sont d\u00e9licieux, mais nous n\u2019avons pas gard\u00e9 le menu alors on ne se risquera pas \u00e0 \u00e9corcher leurs noms&nbsp;! Le \u201ctrou\u201d local (cava &#8211; un champagne \u00e0 l\u2019espagnol &#8211; et boule citron) fait tr\u00e8s bien passer le tout.<br \/>\nLes enfants ont leur table \u00e0 eux, apparemment assez anim\u00e9e (mais tr\u00e8s \u00e9loign\u00e9e de la table des francophones, donc on n\u2019a pas bien suivi l\u2019affaire\u2026). Ils ont aussi leur propre menu, que l\u00e0 je peux reproduire sans risque&nbsp;: charcuterie, steak-frites, glace et g\u00e2teau au chocolat&nbsp;!<\/p>\n<p>Iris s\u2019\u00e9croule vers minuit, mais Ga\u00ebl fera le fou avec ses coll\u00e8gues jusqu\u2019\u00e0 2h du matin, fin du repas, o\u00f9 Anne criera gr\u00e2ce et o\u00f9 nous rentrerons tranquillement \u00e0 notre casa rural.<\/p>\n<p>ngg_shortcode_4_placeholder ngg_shortcode_5_placeholder   <\/p>\n","protected":false},"excerpt":{"rendered":"<p>Voici LA grosse journ\u00e9e&nbsp;! D\u2019abord, tout ranger et nettoyer dans l\u2019appartement de S\u00e9ville et prendre un taxi pour l\u2019a\u00e9roport. Ne PAS y prendre l\u2019avion, mais louer une voiture.<\/p>\n","protected":false},"author":1,"featured_media":0,"comment_status":"open","ping_status":"open","sticky":false,"template":"","format":"standard","meta":{"_s2mail":"","ngg_post_thumbnail":0,"footnotes":""},"categories":[3],"tags":[],"class_list":["post-12","post","type-post","status-publish","format-standard","hentry","category-espana-2007"],"_links":{"self":[{"href":"https:\/\/gaeliris.fr\/wordpressfr\/wp-json\/wp\/v2\/posts\/12","targetHints":{"allow":["GET"]}}],"collection":[{"href":"https:\/\/gaeliris.fr\/wordpressfr\/wp-json\/wp\/v2\/posts"}],"about":[{"href":"https:\/\/gaeliris.fr\/wordpressfr\/wp-json\/wp\/v2\/types\/post"}],"author":[{"embeddable":true,"href":"https:\/\/gaeliris.fr\/wordpressfr\/wp-json\/wp\/v2\/users\/1"}],"replies":[{"embeddable":true,"href":"https:\/\/gaeliris.fr\/wordpressfr\/wp-json\/wp\/v2\/comments?post=12"}],"version-history":[{"count":0,"href":"https:\/\/gaeliris.fr\/wordpressfr\/wp-json\/wp\/v2\/posts\/12\/revisions"}],"wp:attachment":[{"href":"https:\/\/gaeliris.fr\/wordpressfr\/wp-json\/wp\/v2\/media?parent=12"}],"wp:term":[{"taxonomy":"category","embeddable":true,"href":"https:\/\/gaeliris.fr\/wordpressfr\/wp-json\/wp\/v2\/categories?post=12"},{"taxonomy":"post_tag","embeddable":true,"href":"https:\/\/gaeliris.fr\/wordpressfr\/wp-json\/wp\/v2\/tags?post=12"}],"curies":[{"name":"wp","href":"https:\/\/api.w.org\/{rel}","templated":true}]}}